{"id":33,"date":"2022-06-29T00:57:06","date_gmt":"2022-06-28T22:57:06","guid":{"rendered":"https:\/\/graal.ens-lyon.fr\/~ecaron\/skydata\/?p=33"},"modified":"2022-06-29T01:15:10","modified_gmt":"2022-06-28T23:15:10","slug":"journee-thematique-du-gdr-rsd-apprentissage-distribue","status":"publish","type":"post","link":"https:\/\/graal.ens-lyon.fr\/skydata\/2022\/06\/29\/journee-thematique-du-gdr-rsd-apprentissage-distribue\/","title":{"rendered":"Journ\u00e9e th\u00e9matique du GDR RSD: Apprentissage distribu\u00e9"},"content":{"rendered":"\n<p>Elise Jeanneau a pr\u00e9sent\u00e9 des travaux en lien avec le projet SkyData. Une \u00e9tude de l&rsquo;apprentissage distribu\u00e9 dans le cadre de SkyData, des travaux r\u00e9alis\u00e9s par Eddy Caron (ENS de Lyon), Jean De Sainte Marie (stagiaire), Elise Jeanneau (Lyon1), Ousseynou Gning (stagiaire) et Etienne Mauffret (ENS de Lyon).   <\/p>\n\n\n\n<p>Site web officiel: <a href=\"https:\/\/sites.google.com\/view\/journee-gdr-ia-distribuee\/accueil\">https:\/\/sites.google.com\/view\/journee-gdr-ia-distribuee\/accueil<\/a><\/p>\n\n\n\n<figure class=\"wp-block-image aligncenter size-full is-resized is-style-rounded\"><img loading=\"lazy\" decoding=\"async\" src=\"https:\/\/graal.ens-lyon.fr\/~ecaron\/skydata\/wp-content\/uploads\/2022\/06\/Elise_Journe\u0301eIA.png\" alt=\"Journ\u00e9e RSD IA\" class=\"wp-image-34\" width=\"549\" height=\"309\" srcset=\"https:\/\/graal.ens-lyon.fr\/skydata\/wp-content\/uploads\/2022\/06\/Elise_Journe\u0301eIA.png 1024w, https:\/\/graal.ens-lyon.fr\/skydata\/wp-content\/uploads\/2022\/06\/Elise_Journe\u0301eIA-300x169.png 300w, https:\/\/graal.ens-lyon.fr\/skydata\/wp-content\/uploads\/2022\/06\/Elise_Journe\u0301eIA-768x432.png 768w\" sizes=\"auto, (max-width: 549px) 100vw, 549px\" \/><figcaption>Elise Jeanneau pr\u00e9sente SkyData \u00e0 la Journ\u00e9e th\u00e9matique du GDR RSD: Apprentissage Distribu\u00e9.<\/figcaption><\/figure>\n","protected":false},"excerpt":{"rendered":"<p>Elise Jeanneau a pr\u00e9sent\u00e9 des travaux en lien avec le projet SkyData. Une \u00e9tude de l&rsquo;apprentissage distribu\u00e9 dans le cadre<\/p>\n","protected":false},"author":1,"featured_media":37,"comment_status":"closed","ping_status":"closed","sticky":false,"template":"","format":"standard","meta":{"colormag_page_container_layout":"default_layout","colormag_page_sidebar_layout":"default_layout","footnotes":""},"categories":[5],"tags":[],"class_list":["post-33","post","type-post","status-publish","format-standard","has-post-thumbnail","hentry","category-communication"],"_links":{"self":[{"href":"https:\/\/graal.ens-lyon.fr\/skydata\/wp-json\/wp\/v2\/posts\/33","targetHints":{"allow":["GET"]}}],"collection":[{"href":"https:\/\/graal.ens-lyon.fr\/skydata\/wp-json\/wp\/v2\/posts"}],"about":[{"href":"https:\/\/graal.ens-lyon.fr\/skydata\/wp-json\/wp\/v2\/types\/post"}],"author":[{"embeddable":true,"href":"https:\/\/graal.ens-lyon.fr\/skydata\/wp-json\/wp\/v2\/users\/1"}],"replies":[{"embeddable":true,"href":"https:\/\/graal.ens-lyon.fr\/skydata\/wp-json\/wp\/v2\/comments?post=33"}],"version-history":[{"count":1,"href":"https:\/\/graal.ens-lyon.fr\/skydata\/wp-json\/wp\/v2\/posts\/33\/revisions"}],"predecessor-version":[{"id":35,"href":"https:\/\/graal.ens-lyon.fr\/skydata\/wp-json\/wp\/v2\/posts\/33\/revisions\/35"}],"wp:featuredmedia":[{"embeddable":true,"href":"https:\/\/graal.ens-lyon.fr\/skydata\/wp-json\/wp\/v2\/media\/37"}],"wp:attachment":[{"href":"https:\/\/graal.ens-lyon.fr\/skydata\/wp-json\/wp\/v2\/media?parent=33"}],"wp:term":[{"taxonomy":"category","embeddable":true,"href":"https:\/\/graal.ens-lyon.fr\/skydata\/wp-json\/wp\/v2\/categories?post=33"},{"taxonomy":"post_tag","embeddable":true,"href":"https:\/\/graal.ens-lyon.fr\/skydata\/wp-json\/wp\/v2\/tags?post=33"}],"curies":[{"name":"wp","href":"https:\/\/api.w.org\/{rel}","templated":true}]}}